{"id":1331,"date":"2017-06-15T08:53:15","date_gmt":"2017-06-15T08:53:15","guid":{"rendered":"http:\/\/horiacolibasanuhimalaya.ro\/ro\/?p=1331"},"modified":"2017-06-21T09:30:42","modified_gmt":"2017-06-21T09:30:42","slug":"cea-mai-inalta-distinctie-a-presedintelui-romaniei","status":"publish","type":"post","link":"https:\/\/horiacolibasanuhimalaya.ro\/ro\/cea-mai-inalta-distinctie-a-presedintelui-romaniei\/","title":{"rendered":"Cea mai \u00eenalt\u0103 distinc\u021bie a Pre\u0219edintelui Rom\u00e2niei"},"content":{"rendered":"<p><a class=\"profileLink\" href=\"https:\/\/www.facebook.com\/InstitutiaPrezidentiala\/?fref=mentions\" data-hovercard=\"\/ajax\/hovercard\/page.php?id=1829322653993041&amp;extragetparams=%7B%22fref%22%3A%22mentions%22%7D\" data-hovercard-prefer-more-content-show=\"1\">Administra\u021bia Preziden\u021bial\u0103 &#8211; Pre\u0219edintele Rom\u00e2niei<\/a> a anun\u021bat c\u0103, \u00een 14 iunie 2017,\u00a0<a class=\"_58cn\" href=\"https:\/\/www.facebook.com\/hashtag\/horia?source=feed_text&amp;story_id=1253881684720787\" data-ft=\"{&quot;tn&quot;:&quot;*N&quot;,&quot;type&quot;:104}\"><span class=\"_5afx\"><span class=\"_58cm\">Horia<\/span><\/span><\/a> <a class=\"_58cn\" href=\"https:\/\/www.facebook.com\/hashtag\/colib%C4%83%C8%99anu?source=feed_text&amp;story_id=1253881684720787\" data-ft=\"{&quot;tn&quot;:&quot;*N&quot;,&quot;type&quot;:104}\"><span class=\"_5afx\"><span class=\"_58cm\">Colib\u0103\u0219anu<\/span><\/span><\/a> a primit cea mai \u00eenalt\u0103 distinc\u021bie pe care o poate acorda Pre\u0219edintele Rom\u00e2niei, Klaus Iohannis. A fost decorat cu Ordinul Na\u021bional &#8220;Steaua Rom\u00e2niei&#8221;, \u00een grad de Cavaler &#8220;\u00een semn de \u00eenalt\u0103 apreciere \u0219i recunoa\u0219tere pentru performan\u021ba sportiv\u0103 deosebit\u0103 ob\u021binut\u0103 \u00een expedi\u021bia din mun\u021bii Himalaya, pentru determinarea, pasiunea \u0219i perseveren\u021ba cu care \u0219i-a des\u0103v\u00e2r\u0219it pozi\u021bia de alpinist ultra-performant la nivel na\u021bional \u0219i interna\u021bional, precum \u0219i pentru contribu\u021bia semnificativ\u0103 adus\u0103 alpinismului rom\u00e2nesc&#8221;.<br \/>\nHoria Colib\u0103\u0219anu a reu\u0219it s\u0103 urce, \u00een 16 mai 2017, pe v\u00e2rful Everest (8848m) f\u0103r\u0103 oxigen suplimentar \u0219i f\u0103r\u0103 ajutorul \u0219erpa\u0219ilor.<\/p>\n<p>A fost cea de-a 19a expedi\u021bie interna\u021bional\u0103 a lui Horia, iar v\u00e2rful Everest este cel de-al optulea v\u00e2rf, de peste opt mii de metri, din palmarestul s\u0103u.<\/p>\n<p>&nbsp;<\/p>\n<p>&nbsp;<\/p>\n","protected":false},"excerpt":{"rendered":"<p>Administra\u021bia Preziden\u021bial\u0103 &#8211; Pre\u0219edintele Rom\u00e2niei a anun\u021bat c\u0103, \u00een 14 iunie 2017,\u00a0Horia Colib\u0103\u0219anu a primit cea mai \u00eenalt\u0103 distinc\u021bie pe care o poate acorda Pre\u0219edintele Rom\u00e2niei, Klaus Iohannis. A fost decorat cu Ordinul Na\u021bional &#8220;Steaua Rom\u00e2niei&#8221;, \u00een grad de Cavaler &#8220;\u00een semn de \u00eenalt\u0103 apreciere \u0219i recunoa\u0219tere pentru performan\u021ba sportiv\u0103 deosebit\u0103 ob\u021binut\u0103 \u00een expedi\u021bia din [&hellip;]<\/p>\n","protected":false},"author":1,"featured_media":1329,"comment_status":"open","ping_status":"open","sticky":false,"template":"","format":"standard","meta":{"_et_pb_use_builder":"","_et_pb_old_content":"","_et_gb_content_width":"","om_disable_all_campaigns":false,"_monsterinsights_skip_tracking":false,"_monsterinsights_sitenote_active":false,"_monsterinsights_sitenote_note":"","_monsterinsights_sitenote_category":0,"_uf_show_specific_survey":0,"_uf_disable_surveys":false,"footnotes":""},"categories":[20,1],"tags":[],"class_list":["post-1331","post","type-post","status-publish","format-standard","has-post-thumbnail","hentry","category-evenimente","category-uncategorized"],"aioseo_notices":[],"_links":{"self":[{"href":"https:\/\/horiacolibasanuhimalaya.ro\/ro\/wp-json\/wp\/v2\/posts\/1331","targetHints":{"allow":["GET"]}}],"collection":[{"href":"https:\/\/horiacolibasanuhimalaya.ro\/ro\/wp-json\/wp\/v2\/posts"}],"about":[{"href":"https:\/\/horiacolibasanuhimalaya.ro\/ro\/wp-json\/wp\/v2\/types\/post"}],"author":[{"embeddable":true,"href":"https:\/\/horiacolibasanuhimalaya.ro\/ro\/wp-json\/wp\/v2\/users\/1"}],"replies":[{"embeddable":true,"href":"https:\/\/horiacolibasanuhimalaya.ro\/ro\/wp-json\/wp\/v2\/comments?post=1331"}],"version-history":[{"count":1,"href":"https:\/\/horiacolibasanuhimalaya.ro\/ro\/wp-json\/wp\/v2\/posts\/1331\/revisions"}],"predecessor-version":[{"id":1332,"href":"https:\/\/horiacolibasanuhimalaya.ro\/ro\/wp-json\/wp\/v2\/posts\/1331\/revisions\/1332"}],"wp:featuredmedia":[{"embeddable":true,"href":"https:\/\/horiacolibasanuhimalaya.ro\/ro\/wp-json\/wp\/v2\/media\/1329"}],"wp:attachment":[{"href":"https:\/\/horiacolibasanuhimalaya.ro\/ro\/wp-json\/wp\/v2\/media?parent=1331"}],"wp:term":[{"taxonomy":"category","embeddable":true,"href":"https:\/\/horiacolibasanuhimalaya.ro\/ro\/wp-json\/wp\/v2\/categories?post=1331"},{"taxonomy":"post_tag","embeddable":true,"href":"https:\/\/horiacolibasanuhimalaya.ro\/ro\/wp-json\/wp\/v2\/tags?post=1331"}],"curies":[{"name":"wp","href":"https:\/\/api.w.org\/{rel}","templated":true}]}}